{"id":1001,"date":"2026-02-17T23:06:03","date_gmt":"2026-02-17T22:06:03","guid":{"rendered":"https:\/\/www.ikab.ch\/de\/?p=1001"},"modified":"2026-02-17T23:06:04","modified_gmt":"2026-02-17T22:06:04","slug":"%f0%9f%8c%99-ramadan-ein-fest-fuer-seele-koerper-und-gemeinschaft","status":"publish","type":"post","link":"http:\/\/www.ikab.ch\/de\/archive\/1001","title":{"rendered":"\ud83c\udf19 Ramadan: Ein Fest f\u00fcr Seele, K\u00f6rper und Gemeinschaft"},"content":{"rendered":"<div class=\"post-content\">\n<p>\ud83c\udf19 Ramadan: Ein Fest f\u00fcr Seele, K\u00f6rper und Gemeinschaft<br>Der heilige Monat Ramadan ist weit mehr als nur ein religi\u00f6ser Ritus; er ist eine transformative Zeit, die alle Aspekte unseres Lebens erneuert. Er beginnt mit der Reinigung der Seele: Durch den Verzicht auf materielle Gen\u00fcsse st\u00e4rken wir unsere Willenskraft und finden durch innere Einkehr zu einem tiefen Seelenfrieden. \u2728<br>Parallel zu dieser spirituellen Entfaltung findet unser K\u00f6rper zu einer neuen Balance. Das bewusste Fasten schenkt unseren Organen die n\u00f6tige Ruhe, f\u00f6rdert die Entgiftung und st\u00e4rkt \u2013 bei gesunder Ern\u00e4hrung \u2013 unsere Vitalit\u00e4t und Gesundheit. \ud83c\udf4e<br>Die wahre Pracht dieses Monats liegt jedoch in der sozialen Verbundenheit. Ramadan weckt durch die gemeinsame Erfahrung des Hungers unser Mitgef\u00fchl f\u00fcr die Bed\u00fcrftigen und l\u00e4sst soziale Unterschiede schwinden. In dieser spirituellen Atmosph\u00e4re wird unser Gottesdienst erst dann vollkommen, wenn er mit dem Dienst an den Menschen verbunden ist. \ud83e\udd1d<br>Wir sollten in diesen Tagen besonders f\u00fcr die Kranken und Leidenden beten und unsere helfenden H\u00e4nde niemandem verweigern, der uns um Beistand bittet. Die Essenz dieses Monats ist es, dass keine bittende Hand leer zur\u00fcckbleibt. Ramadan ist eine Reise von der Selbsterziehung hin zur N\u00e4chstenliebe, damit wir am Ende eine mitf\u00fchlendere und st\u00e4rkere Gemeinschaft werden. \ud83e\udd0d<br>\ud83d\udccd In tiefer Verbundenheit und mit der Bitte um euer Gebet.<\/p>\n<\/div>","protected":false},"excerpt":{"rendered":"<p>\ud83c\udf19 Ramadan: Ein Fest f\u00fcr Seele, K\u00f6rper und GemeinschaftDer heilige<a href=\"http:\/\/www.ikab.ch\/de\/archive\/1001\">mehr<i class=\"fa fa-long-arrow-right\" aria-hidden=\"true\"><\/i><\/a><\/p>\n","protected":false},"author":1,"featured_media":1002,"comment_status":"closed","ping_status":"closed","sticky":false,"template":"","format":"standard","meta":{"footnotes":""},"categories":[1],"tags":[],"class_list":["post-1001","post","type-post","status-publish","format-standard","has-post-thumbnail","hentry","category-1"],"_links":{"self":[{"href":"http:\/\/www.ikab.ch\/de\/wp-json\/wp\/v2\/posts\/1001","targetHints":{"allow":["GET"]}}],"collection":[{"href":"http:\/\/www.ikab.ch\/de\/wp-json\/wp\/v2\/posts"}],"about":[{"href":"http:\/\/www.ikab.ch\/de\/wp-json\/wp\/v2\/types\/post"}],"author":[{"embeddable":true,"href":"http:\/\/www.ikab.ch\/de\/wp-json\/wp\/v2\/users\/1"}],"replies":[{"embeddable":true,"href":"http:\/\/www.ikab.ch\/de\/wp-json\/wp\/v2\/comments?post=1001"}],"version-history":[{"count":1,"href":"http:\/\/www.ikab.ch\/de\/wp-json\/wp\/v2\/posts\/1001\/revisions"}],"predecessor-version":[{"id":1003,"href":"http:\/\/www.ikab.ch\/de\/wp-json\/wp\/v2\/posts\/1001\/revisions\/1003"}],"wp:featuredmedia":[{"embeddable":true,"href":"http:\/\/www.ikab.ch\/de\/wp-json\/wp\/v2\/media\/1002"}],"wp:attachment":[{"href":"http:\/\/www.ikab.ch\/de\/wp-json\/wp\/v2\/media?parent=1001"}],"wp:term":[{"taxonomy":"category","embeddable":true,"href":"http:\/\/www.ikab.ch\/de\/wp-json\/wp\/v2\/categories?post=1001"},{"taxonomy":"post_tag","embeddable":true,"href":"http:\/\/www.ikab.ch\/de\/wp-json\/wp\/v2\/tags?post=1001"}],"curies":[{"name":"wp","href":"https:\/\/api.w.org\/{rel}","templated":true}]}}