{"id":1026,"date":"2026-03-20T17:45:08","date_gmt":"2026-03-20T16:45:08","guid":{"rendered":"https:\/\/www.ikab.ch\/de\/?p=1026"},"modified":"2026-03-25T22:00:07","modified_gmt":"2026-03-25T21:00:07","slug":"stellungnahme","status":"publish","type":"post","link":"http:\/\/www.ikab.ch\/de\/archive\/1026","title":{"rendered":"Stellungnahme"},"content":{"rendered":"<div class=\"post-content\">\n<p><strong>Stellungnahme zur T\u00e4tigkeit, Identit\u00e4t und Unabh\u00e4ngigkeit des Islamisch- Kultureller Zentrum AhleBeyt&nbsp; as (IKAB)<\/strong><\/p>\n\n\n\n<p>Gem\u00e4ss Grundbuchunterlagen ist die Islamische Republik Iran Eigent\u00fcmerin der Stockwerkeinheit im dritten Stock dieses Geb\u00e4udes. Dennoch sind die Aktivit\u00e4ten des Zentrums (IKAB) rechtlich vollst\u00e4ndig davon getrennt. Das Zentrum agiert als rechtlich eigenst\u00e4ndiger Verein nach schweizerischem Vereinsrecht. Das physische Eigentum an dieser Stockwerkeinheit hat keinerlei Einfluss auf die interne Verwaltung oder die strategische Ausrichtung unseres Vereins. Dies ist kein Geheimnis und den Schweizer Beh\u00f6rden bekannt, da der Immobilienkauf durch einen Staat ein diplomatischer Prozess ist und spezieller Bewilligungen bedarf.<\/p>\n\n\n\n<p>Alle Vorstandsmitglieder und religi\u00f6sen Verantwortlichen dieses Zentrums arbeiten&nbsp;<strong>vollst\u00e4ndig ehrenamtlich<\/strong>. Es werden&nbsp;<strong>keinerlei Geh\u00e4lter oder Entsch\u00e4digungen<\/strong>&nbsp;an Mitglieder oder Prediger ausgezahlt. S\u00e4mtliche Kosten werden ausschliesslich durch Spenden und freiwillige Beitr\u00e4ge der Besucher finanziert.<\/p>\n\n\n\n<p>Herr Mahmood Khalilzadeh ist Theologe und gew\u00e4hlter Pr\u00e4sident des Vereins. Er ist eine unpolitische und religi\u00f6se Pers\u00f6nlichkeit, die allgemeine Akzeptanz geniesst. Es ist f\u00fcr unseren Verein eine Ehre, eine so profilierte Pers\u00f6nlichkeit an unserer Spitze zu haben. Sein Ruf ist so gefestigt, dass ihn sogar andere religi\u00f6se Zentren bitten, deren Leitung zu \u00fcbernehmen. Zudem ist er offizieller Bevollm\u00e4chtigter (Wakil) von mehreren anerkannten religi\u00f6sen Autorit\u00e4ten (Marja-e-Taqlid), was seine theologische Unabh\u00e4ngigkeit von staatlichen Institutionen unterstreicht.<\/p>\n\n\n\n<p>Die inhaltliche Ausgestaltung unserer religi\u00f6sen und kulturellen Aktivit\u00e4ten liegt ausschliesslich in der Verantwortung unseres Vereins. Die Anerkennung von Staaten ist eine politische Aufgabe, keine religi\u00f6se. Unser Verein bekennt sich bedingungslos zu den universellen Menschenrechten und verurteilt jegliche Form von Folter oder Gewalt ausdr\u00fccklich. Der Begriff \u00abSchahid\u00bb (M\u00e4rtyrer) wird rein theologisch zur Ehrung von Opfern (z. B. bei Attentaten oder Unf\u00e4llen) verwendet und stellt keine politische Billigung dar.<\/p>\n\n\n\n<p>Bez\u00fcglich der Vorw\u00fcrfe gegen Scheich Hassan Alasgari halten wir fest: Nach unserem Kenntnisstand war er lediglich ein einziges Mal als punktueller Gastredner im mittlerweile geschlossenen IZH Hamburg eingeladen; es bestand keine strukturelle Zusammenarbeit. Seine Teilnahme an bewilligten Kundgebungen in der Schweiz diente der Verteidigung der Menschenrechte von Muslimen und Zivilisten und war keine politische \u201eQuds-Tag\u201c-Veranstaltung. Alle Genehmigungen liegen vor.<\/p>\n\n\n\n<p>Der Vorwurf zum Vorfall von 2023 (nach dem Freitagsgebet), er habe Hinrichtungen bef\u00fcrwortet, ist eine bewusste Fehlinterpretation und Verleumdung. Zwei Personen \u2013 von denen eine zuvor Kontakt zum Zentrum pflegte \u2013 besuchten das Freitagsgebet und versuchten unmittelbar danach, Herrn Alasgari durch suggestive Fragen in eine Falle zu locken. In der vorhandenen Audioaufnahme ist deutlich zu h\u00f6ren, wie sie ihn beharrlich und f\u00e4lschlicherweise als \u201eAyatollah\u201c oder \u201eMarja-e-Taqlid\u201c (religi\u00f6se Instanz) ansprachen, um seinen Antworten ein politisch-religi\u00f6ses Gewicht zu verleihen, das seiner tats\u00e4chlichen Funktion nicht entspricht. Seine Antworten bezogen sich jedoch ausschliesslich auf einen&nbsp;<strong>rein historisch-theologischen Kontext des Fr\u00fch Islam<\/strong>&nbsp;(eine spezifische Epoche vor 1400 Jahren).&nbsp;<strong>Drei Persischsprachige Zeugen (aus dem Iran und Afghanistan)<\/strong>&nbsp;k\u00f6nnen best\u00e4tigen, dass es eine rein religi\u00f6se Er\u00f6rterung war. Wir fordern eine fachgutachterliche Pr\u00fcfung der vollst\u00e4ndigen Audioaufnahme.<\/p>\n\n\n\n<p>In der Schweiz leben nach Sch\u00e4tzungen der Iranischen Botschaft&nbsp;<strong>\u00fcber 15&#8217;000 Iranerinnen und Iraner<\/strong>. Die grosse Mehrheit pflegt eine tiefe Bindung zur Heimat. Viele dieser Menschen stehen in engem Kontakt mit unserem Zentrum und bringen uns grosses Vertrauen entgegen (bei Hochzeiten, religi\u00f6sen Fragen oder Trauerfeiern). Wenn Landsleute unsere R\u00e4umlichkeiten betreten, sagen sie oft: \u201eEs f\u00fchlt sich an, als ob wir in den Iran zur\u00fcckgekehrt w\u00e4ren.\u201c Die aktuelle Lage ist sehr emotional. Wir beobachten eine bemerkenswerte Solidarit\u00e4t: Anstatt zu fliehen, reisen derzeit viele Iraner aus dem Herzen Europas zur\u00fcck in den Iran, um trotz der Bedrohung durch Bombardierungen bei ihren Familien zu sein (wie Berichte t\u00fcrkischer Nachrichtenagenturen dokumentieren).<\/p>\n\n\n\n<p>Der Iran steht mit 90 Millionen Menschen und \u00fcber 10 Millionen Fl\u00fcchtlingen vor gewaltigen Herausforderungen. Zudem liegt das Land auf einer Haupttransitroute des internationalen Drogenhandels und zahlt seit Jahrzehnten einen hohen Preis f\u00fcr dessen Bek\u00e4mpfung. Dar\u00fcber hinaus war und ist der Iran mit \u00e4usserst schwerwiegenden Problemen durch internationale Sanktionen konfrontiert. Kaum ein anderes Land k\u00f6nnte unter der Last derartiger Herausforderungen bestehen; der Grossteil der aktuellen wirtschaftlichen Schwierigkeiten ist direkt auf diese Sanktionen zur\u00fcckzuf\u00fchren.<\/p>\n\n\n\n<p>Unsere Aktivit\u00e4ten (ca.30 Jahren )sind ausschliesslich religi\u00f6ser und kultureller Natur. Trotz schwerwiegender Vorf\u00e4lle \u2013 wie Farbangriffe auf das Geb\u00e4ude, die Sch\u00e4ndung des Heiligen Korans (Zerreissen\/Urinieren) sowie versuchte Brandstiftung \u2013 sind unsere T\u00fcren stets offen geblieben. Alle Vorf\u00e4lle sind der Polizei gemeldet. Von unserem Zentrum geht keinerlei Gefahr aus. Wir bedanken uns herzlich bei den Schweizer Beh\u00f6rden und der Bev\u00f6lkerung f\u00fcr den Schutz unserer religi\u00f6sen Freiheit und Wir verurteilen den Krieg gegen den Iran im Einklang mit der UN-Charta und fordern mit Nachdruck die Beendigung des Krieges.<\/p>\n<\/div>","protected":false},"excerpt":{"rendered":"<p>Stellungnahme zur T\u00e4tigkeit, Identit\u00e4t und Unabh\u00e4ngigkeit des Islamisch- Kultureller Zentrum<a href=\"http:\/\/www.ikab.ch\/de\/archive\/1026\">mehr<i class=\"fa fa-long-arrow-right\" aria-hidden=\"true\"><\/i><\/a><\/p>\n","protected":false},"author":1,"featured_media":1027,"comment_status":"closed","ping_status":"closed","sticky":false,"template":"","format":"standard","meta":{"footnotes":""},"categories":[1],"tags":[],"class_list":["post-1026","post","type-post","status-publish","format-standard","has-post-thumbnail","hentry","category-1"],"_links":{"self":[{"href":"http:\/\/www.ikab.ch\/de\/wp-json\/wp\/v2\/posts\/1026","targetHints":{"allow":["GET"]}}],"collection":[{"href":"http:\/\/www.ikab.ch\/de\/wp-json\/wp\/v2\/posts"}],"about":[{"href":"http:\/\/www.ikab.ch\/de\/wp-json\/wp\/v2\/types\/post"}],"author":[{"embeddable":true,"href":"http:\/\/www.ikab.ch\/de\/wp-json\/wp\/v2\/users\/1"}],"replies":[{"embeddable":true,"href":"http:\/\/www.ikab.ch\/de\/wp-json\/wp\/v2\/comments?post=1026"}],"version-history":[{"count":2,"href":"http:\/\/www.ikab.ch\/de\/wp-json\/wp\/v2\/posts\/1026\/revisions"}],"predecessor-version":[{"id":1043,"href":"http:\/\/www.ikab.ch\/de\/wp-json\/wp\/v2\/posts\/1026\/revisions\/1043"}],"wp:featuredmedia":[{"embeddable":true,"href":"http:\/\/www.ikab.ch\/de\/wp-json\/wp\/v2\/media\/1027"}],"wp:attachment":[{"href":"http:\/\/www.ikab.ch\/de\/wp-json\/wp\/v2\/media?parent=1026"}],"wp:term":[{"taxonomy":"category","embeddable":true,"href":"http:\/\/www.ikab.ch\/de\/wp-json\/wp\/v2\/categories?post=1026"},{"taxonomy":"post_tag","embeddable":true,"href":"http:\/\/www.ikab.ch\/de\/wp-json\/wp\/v2\/tags?post=1026"}],"curies":[{"name":"wp","href":"https:\/\/api.w.org\/{rel}","templated":true}]}}