{"id":1030,"date":"2026-03-22T13:35:39","date_gmt":"2026-03-22T12:35:39","guid":{"rendered":"https:\/\/www.ikab.ch\/de\/?p=1030"},"modified":"2026-03-22T13:41:53","modified_gmt":"2026-03-22T12:41:53","slug":"feierliches-festgebet-zum-id-al-fitr-unter-der-leitung-von-scheich-hassan-askari","status":"publish","type":"post","link":"http:\/\/www.ikab.ch\/de\/archive\/1030","title":{"rendered":"Feierliches Festgebet zum Id al-Fitr unter der Leitung von Scheich Hassan Askari"},"content":{"rendered":"<div class=\"post-content\">\n<p><strong>Feierliches Festgebet zum Id al-Fitr unter der Leitung von Scheich Hassan Askari<\/strong><\/p>\n\n\n\n<p>Als Dank f\u00fcr einen Monat der Hingabe und der N\u00e4he zu Gott fand gestern im\u00a0<strong>Islamischen und Kulturellen Zentrum Ahlebeyt (a.s.)<\/strong>\u00a0das feierliche Id al-Fitr-Gebet statt. An der Zeremonie nahm eine grosse und engagierte Gemeinschaft von Schiiten und Anh\u00e4ngern der Ahl al-Bayt (a.s.) teil.<\/p>\n\n\n\n<p>In dieser geistlichen Atmosph\u00e4re bildeten die Gl\u00e4ubigen nach einem Monat des Fastens geschlossene Gebetsreihen unter der Leitung von&nbsp;<strong>Scheich Hassan Askari<\/strong>. In seinen Festtagsansprachen (Khutbahs) gratulierte er allen Muslimen zu diesem gesegneten Fest und betonte die spirituellen und moralischen Errungenschaften des heiligen Monats Ramadan.<\/p>\n\n\n\n<p>Ein besonderer und bewegender Teil der Zeremonie war das inst\u00e4ndige Bittgebet f\u00fcr das\u00a0<strong>Ende von Krieg und Vergiessen von Blut<\/strong>\u00a0sowie f\u00fcr die Errichtung von Frieden und Gerechtigkeit weltweit. Mit lautem \u201eAmin\u201c erflehten die Gl\u00e4ubigen vom allm\u00e4chtigen Gott die Best\u00e4ndigkeit von Frieden und Ruhe in allen L\u00e4ndern.<\/p>\n\n\n\n<figure class=\"wp-block-gallery has-nested-images columns-default is-cropped wp-block-gallery-1 is-layout-flex wp-block-gallery-is-layout-flex\">\n<figure class=\"wp-block-image size-large\"><img loading=\"lazy\" decoding=\"async\" width=\"928\" height=\"576\" data-id=\"1033\" src=\"https:\/\/www.ikab.ch\/de\/wp-content\/uploads\/2026\/03\/WhatsApp-Image-2026-03-22-at-13.15.34-3.jpeg\" alt=\"\" class=\"wp-image-1033\" srcset=\"http:\/\/www.ikab.ch\/de\/wp-content\/uploads\/2026\/03\/WhatsApp-Image-2026-03-22-at-13.15.34-3.jpeg 928w, http:\/\/www.ikab.ch\/de\/wp-content\/uploads\/2026\/03\/WhatsApp-Image-2026-03-22-at-13.15.34-3-300x186.jpeg 300w, http:\/\/www.ikab.ch\/de\/wp-content\/uploads\/2026\/03\/WhatsApp-Image-2026-03-22-at-13.15.34-3-768x477.jpeg 768w\" sizes=\"auto, (max-width: 928px) 100vw, 928px\" \/><\/figure>\n\n\n\n<figure class=\"wp-block-image size-large\"><img loading=\"lazy\" decoding=\"async\" width=\"928\" height=\"576\" data-id=\"1032\" src=\"https:\/\/www.ikab.ch\/de\/wp-content\/uploads\/2026\/03\/WhatsApp-Image-2026-03-22-at-13.15.34-2.jpeg\" alt=\"\" class=\"wp-image-1032\" srcset=\"http:\/\/www.ikab.ch\/de\/wp-content\/uploads\/2026\/03\/WhatsApp-Image-2026-03-22-at-13.15.34-2.jpeg 928w, http:\/\/www.ikab.ch\/de\/wp-content\/uploads\/2026\/03\/WhatsApp-Image-2026-03-22-at-13.15.34-2-300x186.jpeg 300w, http:\/\/www.ikab.ch\/de\/wp-content\/uploads\/2026\/03\/WhatsApp-Image-2026-03-22-at-13.15.34-2-768x477.jpeg 768w\" sizes=\"auto, (max-width: 928px) 100vw, 928px\" \/><\/figure>\n\n\n\n<figure class=\"wp-block-image size-large\"><img loading=\"lazy\" decoding=\"async\" width=\"910\" height=\"1024\" data-id=\"1035\" src=\"https:\/\/www.ikab.ch\/de\/wp-content\/uploads\/2026\/03\/WhatsApp-Image-2026-03-22-at-13.15.34-910x1024.jpeg\" alt=\"\" class=\"wp-image-1035\" srcset=\"http:\/\/www.ikab.ch\/de\/wp-content\/uploads\/2026\/03\/WhatsApp-Image-2026-03-22-at-13.15.34-910x1024.jpeg 910w, http:\/\/www.ikab.ch\/de\/wp-content\/uploads\/2026\/03\/WhatsApp-Image-2026-03-22-at-13.15.34-267x300.jpeg 267w, http:\/\/www.ikab.ch\/de\/wp-content\/uploads\/2026\/03\/WhatsApp-Image-2026-03-22-at-13.15.34-768x864.jpeg 768w, http:\/\/www.ikab.ch\/de\/wp-content\/uploads\/2026\/03\/WhatsApp-Image-2026-03-22-at-13.15.34.jpeg 1280w\" sizes=\"auto, (max-width: 910px) 100vw, 910px\" \/><\/figure>\n\n\n\n<figure class=\"wp-block-image size-large\"><img loading=\"lazy\" decoding=\"async\" width=\"1024\" height=\"576\" data-id=\"1037\" src=\"https:\/\/www.ikab.ch\/de\/wp-content\/uploads\/2026\/03\/WhatsApp-Image-2026-03-22-at-13.14.53-1024x576.jpeg\" alt=\"\" class=\"wp-image-1037\" srcset=\"http:\/\/www.ikab.ch\/de\/wp-content\/uploads\/2026\/03\/WhatsApp-Image-2026-03-22-at-13.14.53-1024x576.jpeg 1024w, http:\/\/www.ikab.ch\/de\/wp-content\/uploads\/2026\/03\/WhatsApp-Image-2026-03-22-at-13.14.53-300x169.jpeg 300w, http:\/\/www.ikab.ch\/de\/wp-content\/uploads\/2026\/03\/WhatsApp-Image-2026-03-22-at-13.14.53-768x432.jpeg 768w, http:\/\/www.ikab.ch\/de\/wp-content\/uploads\/2026\/03\/WhatsApp-Image-2026-03-22-at-13.14.53-1536x864.jpeg 1536w, http:\/\/www.ikab.ch\/de\/wp-content\/uploads\/2026\/03\/WhatsApp-Image-2026-03-22-at-13.14.53.jpeg 1600w\" sizes=\"auto, (max-width: 1024px) 100vw, 1024px\" \/><\/figure>\n\n\n\n<figure class=\"wp-block-image size-large\"><img loading=\"lazy\" decoding=\"async\" width=\"1024\" height=\"576\" data-id=\"1036\" src=\"https:\/\/www.ikab.ch\/de\/wp-content\/uploads\/2026\/03\/WhatsApp-Image-2026-03-22-at-13.14.54-1-1024x576.jpeg\" alt=\"\" class=\"wp-image-1036\" srcset=\"http:\/\/www.ikab.ch\/de\/wp-content\/uploads\/2026\/03\/WhatsApp-Image-2026-03-22-at-13.14.54-1-1024x576.jpeg 1024w, http:\/\/www.ikab.ch\/de\/wp-content\/uploads\/2026\/03\/WhatsApp-Image-2026-03-22-at-13.14.54-1-300x169.jpeg 300w, http:\/\/www.ikab.ch\/de\/wp-content\/uploads\/2026\/03\/WhatsApp-Image-2026-03-22-at-13.14.54-1-768x432.jpeg 768w, http:\/\/www.ikab.ch\/de\/wp-content\/uploads\/2026\/03\/WhatsApp-Image-2026-03-22-at-13.14.54-1-1536x864.jpeg 1536w, http:\/\/www.ikab.ch\/de\/wp-content\/uploads\/2026\/03\/WhatsApp-Image-2026-03-22-at-13.14.54-1.jpeg 1600w\" sizes=\"auto, (max-width: 1024px) 100vw, 1024px\" \/><\/figure>\n\n\n\n<figure class=\"wp-block-image size-large\"><img loading=\"lazy\" decoding=\"async\" width=\"928\" height=\"576\" data-id=\"1031\" src=\"https:\/\/www.ikab.ch\/de\/wp-content\/uploads\/2026\/03\/WhatsApp-Image-2026-03-22-at-13.15.34-1.jpeg\" alt=\"\" class=\"wp-image-1031\" srcset=\"http:\/\/www.ikab.ch\/de\/wp-content\/uploads\/2026\/03\/WhatsApp-Image-2026-03-22-at-13.15.34-1.jpeg 928w, http:\/\/www.ikab.ch\/de\/wp-content\/uploads\/2026\/03\/WhatsApp-Image-2026-03-22-at-13.15.34-1-300x186.jpeg 300w, http:\/\/www.ikab.ch\/de\/wp-content\/uploads\/2026\/03\/WhatsApp-Image-2026-03-22-at-13.15.34-1-768x477.jpeg 768w\" sizes=\"auto, (max-width: 928px) 100vw, 928px\" \/><\/figure>\n\n\n\n<figure class=\"wp-block-image size-large\"><img loading=\"lazy\" decoding=\"async\" width=\"1024\" height=\"576\" data-id=\"1034\" src=\"https:\/\/www.ikab.ch\/de\/wp-content\/uploads\/2026\/03\/WhatsApp-Image-2026-03-22-at-13.14.54-1024x576.jpeg\" alt=\"\" class=\"wp-image-1034\" srcset=\"http:\/\/www.ikab.ch\/de\/wp-content\/uploads\/2026\/03\/WhatsApp-Image-2026-03-22-at-13.14.54-1024x576.jpeg 1024w, http:\/\/www.ikab.ch\/de\/wp-content\/uploads\/2026\/03\/WhatsApp-Image-2026-03-22-at-13.14.54-300x169.jpeg 300w, http:\/\/www.ikab.ch\/de\/wp-content\/uploads\/2026\/03\/WhatsApp-Image-2026-03-22-at-13.14.54-768x432.jpeg 768w, http:\/\/www.ikab.ch\/de\/wp-content\/uploads\/2026\/03\/WhatsApp-Image-2026-03-22-at-13.14.54-1536x864.jpeg 1536w, http:\/\/www.ikab.ch\/de\/wp-content\/uploads\/2026\/03\/WhatsApp-Image-2026-03-22-at-13.14.54.jpeg 1600w\" sizes=\"auto, (max-width: 1024px) 100vw, 1024px\" \/><\/figure>\n<\/figure>\n<\/div>","protected":false},"excerpt":{"rendered":"<p>Feierliches Festgebet zum Id al-Fitr unter der Leitung von Scheich<a href=\"http:\/\/www.ikab.ch\/de\/archive\/1030\">mehr<i class=\"fa fa-long-arrow-right\" aria-hidden=\"true\"><\/i><\/a><\/p>\n","protected":false},"author":1,"featured_media":1034,"comment_status":"closed","ping_status":"closed","sticky":false,"template":"","format":"standard","meta":{"footnotes":""},"categories":[1],"tags":[],"class_list":["post-1030","post","type-post","status-publish","format-standard","has-post-thumbnail","hentry","category-1"],"_links":{"self":[{"href":"http:\/\/www.ikab.ch\/de\/wp-json\/wp\/v2\/posts\/1030","targetHints":{"allow":["GET"]}}],"collection":[{"href":"http:\/\/www.ikab.ch\/de\/wp-json\/wp\/v2\/posts"}],"about":[{"href":"http:\/\/www.ikab.ch\/de\/wp-json\/wp\/v2\/types\/post"}],"author":[{"embeddable":true,"href":"http:\/\/www.ikab.ch\/de\/wp-json\/wp\/v2\/users\/1"}],"replies":[{"embeddable":true,"href":"http:\/\/www.ikab.ch\/de\/wp-json\/wp\/v2\/comments?post=1030"}],"version-history":[{"count":3,"href":"http:\/\/www.ikab.ch\/de\/wp-json\/wp\/v2\/posts\/1030\/revisions"}],"predecessor-version":[{"id":1042,"href":"http:\/\/www.ikab.ch\/de\/wp-json\/wp\/v2\/posts\/1030\/revisions\/1042"}],"wp:featuredmedia":[{"embeddable":true,"href":"http:\/\/www.ikab.ch\/de\/wp-json\/wp\/v2\/media\/1034"}],"wp:attachment":[{"href":"http:\/\/www.ikab.ch\/de\/wp-json\/wp\/v2\/media?parent=1030"}],"wp:term":[{"taxonomy":"category","embeddable":true,"href":"http:\/\/www.ikab.ch\/de\/wp-json\/wp\/v2\/categories?post=1030"},{"taxonomy":"post_tag","embeddable":true,"href":"http:\/\/www.ikab.ch\/de\/wp-json\/wp\/v2\/tags?post=1030"}],"curies":[{"name":"wp","href":"https:\/\/api.w.org\/{rel}","templated":true}]}}