{"id":327,"date":"2019-07-14T18:44:09","date_gmt":"2019-07-14T16:44:09","guid":{"rendered":"http:\/\/localhost\/ahlebeyt-de\/?p=327"},"modified":"2026-06-10T15:12:25","modified_gmt":"2026-06-10T13:12:25","slug":"islamische-scheidung","status":"publish","type":"post","link":"http:\/\/www.ikab.ch\/de\/archive\/327","title":{"rendered":"Islamische Scheidung"},"content":{"rendered":"<div class=\"post-content\">\n<p>Wir m\u00f6chten die gesch\u00e4tzten Besucherinnen und Besucher dar\u00fcber informieren, dass das \u201eIslamische und Kulturelle Zentrum Ahl-ul-Bayt (a.s.)\u201c keine Dienstleistungen im Zusammenhang mit der Durchf\u00fchrung der islamischen Scheidung (Talaq) anbietet.<\/p>\n\n\n\n<p>Gr\u00fcnde hierf\u00fcr sind die Notwendigkeit gr\u00fcndlicher Informationspr\u00fcfungen, die Komplexit\u00e4t und der zeitliche Aufwand von famili\u00e4ren Streitigkeiten sowie der Umstand, dass der Fokus der Aktivit\u00e4ten unseres Zentrums nicht auf diesen Angelegenheiten liegt.<\/p>\n\n\n\n<p>Wir bitten die Antragsteller h\u00f6flich, sich f\u00fcr die Abwicklung dieser Verfahren an andere zust\u00e4ndige Stellen zu wenden.<strong><br><\/strong><\/p>\n\n\n\n<p><\/p>\n<\/div>","protected":false},"excerpt":{"rendered":"<p>Wir m\u00f6chten die gesch\u00e4tzten Besucherinnen und Besucher dar\u00fcber informieren, dass<a href=\"http:\/\/www.ikab.ch\/de\/archive\/327\">mehr<i class=\"fa fa-long-arrow-right\" aria-hidden=\"true\"><\/i><\/a><\/p>\n","protected":false},"author":1,"featured_media":328,"comment_status":"closed","ping_status":"closed","sticky":false,"template":"","format":"standard","meta":{"footnotes":""},"categories":[11],"tags":[],"class_list":["post-327","post","type-post","status-publish","format-standard","has-post-thumbnail","hentry","category-unsere-dienstleistungen"],"_links":{"self":[{"href":"http:\/\/www.ikab.ch\/de\/wp-json\/wp\/v2\/posts\/327","targetHints":{"allow":["GET"]}}],"collection":[{"href":"http:\/\/www.ikab.ch\/de\/wp-json\/wp\/v2\/posts"}],"about":[{"href":"http:\/\/www.ikab.ch\/de\/wp-json\/wp\/v2\/types\/post"}],"author":[{"embeddable":true,"href":"http:\/\/www.ikab.ch\/de\/wp-json\/wp\/v2\/users\/1"}],"replies":[{"embeddable":true,"href":"http:\/\/www.ikab.ch\/de\/wp-json\/wp\/v2\/comments?post=327"}],"version-history":[{"count":4,"href":"http:\/\/www.ikab.ch\/de\/wp-json\/wp\/v2\/posts\/327\/revisions"}],"predecessor-version":[{"id":1046,"href":"http:\/\/www.ikab.ch\/de\/wp-json\/wp\/v2\/posts\/327\/revisions\/1046"}],"wp:featuredmedia":[{"embeddable":true,"href":"http:\/\/www.ikab.ch\/de\/wp-json\/wp\/v2\/media\/328"}],"wp:attachment":[{"href":"http:\/\/www.ikab.ch\/de\/wp-json\/wp\/v2\/media?parent=327"}],"wp:term":[{"taxonomy":"category","embeddable":true,"href":"http:\/\/www.ikab.ch\/de\/wp-json\/wp\/v2\/categories?post=327"},{"taxonomy":"post_tag","embeddable":true,"href":"http:\/\/www.ikab.ch\/de\/wp-json\/wp\/v2\/tags?post=327"}],"curies":[{"name":"wp","href":"https:\/\/api.w.org\/{rel}","templated":true}]}}