{"id":948,"date":"2026-01-16T21:16:48","date_gmt":"2026-01-16T20:16:48","guid":{"rendered":"https:\/\/www.ikab.ch\/de\/?p=948"},"modified":"2026-01-16T21:25:44","modified_gmt":"2026-01-16T20:25:44","slug":"eid-al-mabath-das-erwachen-des-lichts-und-der-vernunft","status":"publish","type":"post","link":"http:\/\/www.ikab.ch\/de\/archive\/948","title":{"rendered":"Eid al-Mab&#8217;ath: Das Erwachen des Lichts und der Vernunft"},"content":{"rendered":"<div class=\"post-content\">\n<p>Eid al-Mab&#8217;ath markiert den Beginn eines neuen Kapitels in der Geschichte der Menschheit und ist die h\u00f6chste Offenbarung der g\u00f6ttlichen Barmherzigkeit. Es ist der Moment, in dem die Sonne der Rechtleitung hinter den Bergen von Mekka aufging, um die dunkle Nacht der Unwissenheit in den strahlenden Morgen der Weisheit zu verwandeln.<\/p>\n\n\n\n<p>In der Stille der H\u00f6hle Hira wurde das Schweigen der Welt durch den Ruf des Himmels gebrochen:&nbsp;<strong>\u201eLies im Namen deines Herrn, der erschaffen hat.\u201c<\/strong>&nbsp;Dies war der erste Strom der Offenbarung, der auf das d\u00fcrstende Herz der Menschheit floss, um den Weg der Erl\u00f6sung zu ebnen.<\/p>\n\n\n\n<p>Mab&#8217;ath bedeutet das Erwachen gegen Ungerechtigkeit und die Wiederbelebung der menschlichen Natur. Der Prophet Muhammad (s.) kam, um die schweren Ketten des Vorurteils von den F\u00fc\u00dfen der Vernunft zu l\u00f6sen und die edle Moral zu vervollst\u00e4ndigen. Er kam, um Liebe und Mitgef\u00fchl an die Stelle von Hass und Feindseligkeit zu setzen.<\/p>\n\n\n\n<p><strong>Poesie zur Berufung des Propheten<\/strong><\/p>\n\n\n\n<p>Wie der gro\u00dfe persische Dichter&nbsp;<strong>Hafez<\/strong>&nbsp;so meisterhaft schrieb:<\/p>\n\n\n\n<p><em>&#8222;Ein Stern erstrahlte und wurde zum Licht der Versammlung,<\/em><br><em>Er wurde zum Vertrauten unseres einsamen Herzens.<\/em><br><em>Mein Geliebter, der keine Schule besuchte und keine Zeile schrieb,<\/em><br><em>Wurde durch einen Wink zum Lehrer von hundert Gelehrten.&#8220;<\/em><\/p>\n\n\n\n<hr class=\"wp-block-separator has-alpha-channel-opacity\"\/>\n\n\n\n<p><strong>Eine Botschaft an die Muslime weltweit<\/strong><\/p>\n\n\n\n<p>Heute, Jahrhunderte sp\u00e4ter, ist die Botschaft von Mab&#8217;ath aktueller denn je. Dieses Fest ist eine Einladung zur \u201einneren Berufung\u201c \u2013 eine Gelegenheit, den Staub von den Spiegeln unserer Seelen zu wischen und unsere menschliche Mission in der F\u00f6rderung von Frieden, Gerechtigkeit und G\u00fcte neu zu entdecken.<\/p>\n\n\n\n<p>Wir gratulieren allen Muslimen weltweit herzlich zu diesem glanzvollen Fest der Menschlichkeit und des Glaubens. M\u00f6ge das Licht der prophetischen F\u00fchrung den Weg f\u00fcr Harmonie und Br\u00fcderlichkeit unter allen V\u00f6lkern ebnen.<\/p>\n\n\n\n<p><strong>Eid Mubarak \u2013 Ein gesegnetes Fest f\u00fcr Sie alle!<\/strong><\/p>\n\n\n\n<figure class=\"wp-block-image size-large\"><img loading=\"lazy\" decoding=\"async\" width=\"1024\" height=\"603\" src=\"https:\/\/www.ikab.ch\/de\/wp-content\/uploads\/2026\/01\/mabas1-1024x603.jpg\" alt=\"\" class=\"wp-image-949\" srcset=\"http:\/\/www.ikab.ch\/de\/wp-content\/uploads\/2026\/01\/mabas1-1024x603.jpg 1024w, http:\/\/www.ikab.ch\/de\/wp-content\/uploads\/2026\/01\/mabas1-300x177.jpg 300w, http:\/\/www.ikab.ch\/de\/wp-content\/uploads\/2026\/01\/mabas1-768x452.jpg 768w, http:\/\/www.ikab.ch\/de\/wp-content\/uploads\/2026\/01\/mabas1-1536x905.jpg 1536w, http:\/\/www.ikab.ch\/de\/wp-content\/uploads\/2026\/01\/mabas1-2048x1206.jpg 2048w\" sizes=\"auto, (max-width: 1024px) 100vw, 1024px\" \/><\/figure>\n<\/div>","protected":false},"excerpt":{"rendered":"<p>Eid al-Mab&#8217;ath markiert den Beginn eines neuen Kapitels in der<a href=\"http:\/\/www.ikab.ch\/de\/archive\/948\">mehr<i class=\"fa fa-long-arrow-right\" aria-hidden=\"true\"><\/i><\/a><\/p>\n","protected":false},"author":1,"featured_media":952,"comment_status":"closed","ping_status":"closed","sticky":false,"template":"","format":"standard","meta":{"footnotes":""},"categories":[1],"tags":[],"class_list":["post-948","post","type-post","status-publish","format-standard","has-post-thumbnail","hentry","category-1"],"_links":{"self":[{"href":"http:\/\/www.ikab.ch\/de\/wp-json\/wp\/v2\/posts\/948","targetHints":{"allow":["GET"]}}],"collection":[{"href":"http:\/\/www.ikab.ch\/de\/wp-json\/wp\/v2\/posts"}],"about":[{"href":"http:\/\/www.ikab.ch\/de\/wp-json\/wp\/v2\/types\/post"}],"author":[{"embeddable":true,"href":"http:\/\/www.ikab.ch\/de\/wp-json\/wp\/v2\/users\/1"}],"replies":[{"embeddable":true,"href":"http:\/\/www.ikab.ch\/de\/wp-json\/wp\/v2\/comments?post=948"}],"version-history":[{"count":1,"href":"http:\/\/www.ikab.ch\/de\/wp-json\/wp\/v2\/posts\/948\/revisions"}],"predecessor-version":[{"id":950,"href":"http:\/\/www.ikab.ch\/de\/wp-json\/wp\/v2\/posts\/948\/revisions\/950"}],"wp:featuredmedia":[{"embeddable":true,"href":"http:\/\/www.ikab.ch\/de\/wp-json\/wp\/v2\/media\/952"}],"wp:attachment":[{"href":"http:\/\/www.ikab.ch\/de\/wp-json\/wp\/v2\/media?parent=948"}],"wp:term":[{"taxonomy":"category","embeddable":true,"href":"http:\/\/www.ikab.ch\/de\/wp-json\/wp\/v2\/categories?post=948"},{"taxonomy":"post_tag","embeddable":true,"href":"http:\/\/www.ikab.ch\/de\/wp-json\/wp\/v2\/tags?post=948"}],"curies":[{"name":"wp","href":"https:\/\/api.w.org\/{rel}","templated":true}]}}