{"id":975,"date":"2026-01-24T11:45:45","date_gmt":"2026-01-24T10:45:45","guid":{"rendered":"https:\/\/www.ikab.ch\/de\/?p=975"},"modified":"2026-01-24T11:51:25","modified_gmt":"2026-01-24T10:51:25","slug":"herzlichen-glueckwunsch-zur-geburt-des-symbols-der-tapferkeit-und-des-vorbilds-der-grossmut-der-welt","status":"publish","type":"post","link":"http:\/\/www.ikab.ch\/de\/archive\/975","title":{"rendered":"\u201eHerzlichen Gl\u00fcckwunsch zur Geburt des Symbols der Tapferkeit und des Vorbilds der Gro\u00dfmut der Welt.\u201c"},"content":{"rendered":"<div class=\"post-content\">\n<p>Hazrat Abolfazl al-Abbas (a.s.) wurde am 4. Schaban im Jahr 26 nach der Hidschra in Medina geboren. Sein Vater war Imam Ali (a.s.) und seine Mutter war Fatemeh Bint Hezam, bekannt als &#8222;Umm al-Banin&#8220;. Er war mit einer Frau namens Lubaba, der Tochter von Ubaydullah ibn Abbas, verheiratet. Aus dieser Ehe gingen Kinder hervor, von denen Ubaydullah und Fadl die bekanntesten in den historischen Berichten sind.<\/p>\n\n\n\n<p>Abbas ibn Ali (a.s.) gilt im Islam als das ultimative Symbol f\u00fcr Loyalit\u00e4t, Tapferkeit und grenzenlose Aufopferung. In der Trag\u00f6die von Karbala war er nicht nur der Standardtr\u00e4ger (Alamd\u0101r) des Heeres von Imam Hussain (a.s.), sondern auch der Besch\u00fctzer der Frauen und Kinder. Sein Beiname &#8222;Saqqa&#8220; (der Wassertr\u00e4ger) erinnert an seinen heldenhaften Versuch, unter Einsatz seines Lebens Wasser f\u00fcr die durstigen Kinder aus dem Euphrat zu holen. Obwohl er das Wasser erreichte, trank er selbst keinen einzigen Tropfen aus tiefer Liebe und Respekt gegen\u00fcber seinem hungernden und durstigen Bruder Imam Hussain (a.s.). Er verlor im Kampf beide Arme, doch seine Standhaftigkeit machte ihn zum &#8222;Tor der Bed\u00fcrfnisse&#8220; (Bab al-Hawa&#8217;ij) f\u00fcr Millionen von Menschen weltweit.<\/p>\n\n\n\n<p>Herzlichen Gl\u00fcckwunsch zum Jahrestag der gesegneten Geburt von Hazrat Abbas (a.s.), dem Mond der Banu Haschim!<\/p>\n<\/div>","protected":false},"excerpt":{"rendered":"<p>Hazrat Abolfazl al-Abbas (a.s.) wurde am 4. Schaban im Jahr<a href=\"http:\/\/www.ikab.ch\/de\/archive\/975\">mehr<i class=\"fa fa-long-arrow-right\" aria-hidden=\"true\"><\/i><\/a><\/p>\n","protected":false},"author":1,"featured_media":980,"comment_status":"closed","ping_status":"closed","sticky":false,"template":"","format":"standard","meta":{"footnotes":""},"categories":[1],"tags":[],"class_list":["post-975","post","type-post","status-publish","format-standard","has-post-thumbnail","hentry","category-1"],"_links":{"self":[{"href":"http:\/\/www.ikab.ch\/de\/wp-json\/wp\/v2\/posts\/975","targetHints":{"allow":["GET"]}}],"collection":[{"href":"http:\/\/www.ikab.ch\/de\/wp-json\/wp\/v2\/posts"}],"about":[{"href":"http:\/\/www.ikab.ch\/de\/wp-json\/wp\/v2\/types\/post"}],"author":[{"embeddable":true,"href":"http:\/\/www.ikab.ch\/de\/wp-json\/wp\/v2\/users\/1"}],"replies":[{"embeddable":true,"href":"http:\/\/www.ikab.ch\/de\/wp-json\/wp\/v2\/comments?post=975"}],"version-history":[{"count":1,"href":"http:\/\/www.ikab.ch\/de\/wp-json\/wp\/v2\/posts\/975\/revisions"}],"predecessor-version":[{"id":977,"href":"http:\/\/www.ikab.ch\/de\/wp-json\/wp\/v2\/posts\/975\/revisions\/977"}],"wp:featuredmedia":[{"embeddable":true,"href":"http:\/\/www.ikab.ch\/de\/wp-json\/wp\/v2\/media\/980"}],"wp:attachment":[{"href":"http:\/\/www.ikab.ch\/de\/wp-json\/wp\/v2\/media?parent=975"}],"wp:term":[{"taxonomy":"category","embeddable":true,"href":"http:\/\/www.ikab.ch\/de\/wp-json\/wp\/v2\/categories?post=975"},{"taxonomy":"post_tag","embeddable":true,"href":"http:\/\/www.ikab.ch\/de\/wp-json\/wp\/v2\/tags?post=975"}],"curies":[{"name":"wp","href":"https:\/\/api.w.org\/{rel}","templated":true}]}}